{"id":251,"date":"2013-12-13T18:50:31","date_gmt":"2013-12-13T18:50:31","guid":{"rendered":"http:\/\/fuidio.com\/?p=251"},"modified":"2013-12-13T18:52:08","modified_gmt":"2013-12-13T18:52:08","slug":"cata-maridada-en-cafeteria-la-fundacion","status":"publish","type":"post","link":"http:\/\/fuidio.com\/?p=251","title":{"rendered":"Cata maridada en Cafeter\u00eda La Fundaci\u00f3n"},"content":{"rendered":"<p><a href=\"http:\/\/fuidio.com\/wp-content\/uploads\/2013\/12\/1508139_570806646338156_2004542813_n.jpg\"><img loading=\"lazy\" src=\"http:\/\/fuidio.com\/wp-content\/uploads\/2013\/12\/1508139_570806646338156_2004542813_n-300x225.jpg\" alt=\"1508139_570806646338156_2004542813_n\" width=\"300\" height=\"225\" class=\"alignnone size-medium wp-image-252\" srcset=\"http:\/\/fuidio.com\/wp-content\/uploads\/2013\/12\/1508139_570806646338156_2004542813_n-300x225.jpg 300w, http:\/\/fuidio.com\/wp-content\/uploads\/2013\/12\/1508139_570806646338156_2004542813_n.jpg 640w\" sizes=\"(max-width: 300px) 100vw, 300px\" \/><\/a><br \/>\nUna nueva experiencia mas!!! Y lo que nos gust\u00f3!!!!<br \/>\nNos ofrecieron la idea de catar nuestros vinos en la Cafeter\u00eda La Fundaci\u00f3n de Logro\u00f1o. Nosotros encantados, pero resulta, que no era una cata t\u00edpica, en la cual expon\u00edamos nuestros vinos. No, a su vez, iban a ser maridados con distintas clases de quesos!!<br \/>\nHemos de reconocer, que nos pusimos un poco nerviosos, ya que catar vinos con queso, pod\u00eda ser un intento de \u00absuicidio\u00bb.<br \/>\nDe entrada, nuestros participantes, cataron nuestros vinos solos, para luego comenzar con el juego de ir probando cada clase de queso con cada uno de nuestros vinos.<br \/>\nDe esta \u00abbatalla\u00bb sali\u00f3 un claro vencedor: Todos los que asistimos, ya que, tanto quesos como vinos se comportaron de una manera exquisita.<br \/>\nTodos los asistentes nos dieron la enhorabuena por nuestros vinos. Fue curioso, que nuestro blanco Fuidio fue el que mas sorprendi\u00f3, ya que maridar un queso con un vino blanco es muy dif\u00edcil, y nuestro Fuidio encaj\u00f3 muy bien.<br \/>\nfue una velada muy interesante y satisfactoria para nosotros. Seguramente hemos de repetir.<br \/>\nMuchas gracias a Antonio de La Fundaci\u00f3n, a Alejandro de Queser\u00eda Eterravan y a Hern\u00e1n de Distririogal.<\/p>\n","protected":false},"excerpt":{"rendered":"<p>Una nueva experiencia mas!!! Y lo que nos gust\u00f3!!!! Nos ofrecieron la idea de catar nuestros vinos en la Cafeter\u00eda La Fundaci\u00f3n de Logro\u00f1o. Nosotros encantados, pero resulta, que no era una cata t\u00edpica, en la cual expon\u00edamos nuestros vinos. No, a su vez, iban a ser maridados con distintas clases de quesos!! Hemos de [&hellip;]<\/p>\n","protected":false},"author":1,"featured_media":0,"comment_status":"open","ping_status":"open","sticky":false,"template":"","format":"standard","meta":[],"categories":[1],"tags":[15,10,17,16],"_links":{"self":[{"href":"http:\/\/fuidio.com\/index.php?rest_route=\/wp\/v2\/posts\/251"}],"collection":[{"href":"http:\/\/fuidio.com\/index.php?rest_route=\/wp\/v2\/posts"}],"about":[{"href":"http:\/\/fuidio.com\/index.php?rest_route=\/wp\/v2\/types\/post"}],"author":[{"embeddable":true,"href":"http:\/\/fuidio.com\/index.php?rest_route=\/wp\/v2\/users\/1"}],"replies":[{"embeddable":true,"href":"http:\/\/fuidio.com\/index.php?rest_route=%2Fwp%2Fv2%2Fcomments&post=251"}],"version-history":[{"count":1,"href":"http:\/\/fuidio.com\/index.php?rest_route=\/wp\/v2\/posts\/251\/revisions"}],"predecessor-version":[{"id":253,"href":"http:\/\/fuidio.com\/index.php?rest_route=\/wp\/v2\/posts\/251\/revisions\/253"}],"wp:attachment":[{"href":"http:\/\/fuidio.com\/index.php?rest_route=%2Fwp%2Fv2%2Fmedia&parent=251"}],"wp:term":[{"taxonomy":"category","embeddable":true,"href":"http:\/\/fuidio.com\/index.php?rest_route=%2Fwp%2Fv2%2Fcategories&post=251"},{"taxonomy":"post_tag","embeddable":true,"href":"http:\/\/fuidio.com\/index.php?rest_route=%2Fwp%2Fv2%2Ftags&post=251"}],"curies":[{"name":"wp","href":"https:\/\/api.w.org\/{rel}","templated":true}]}}